{"id":23728,"date":"2023-02-06T10:39:28","date_gmt":"2023-02-06T10:39:28","guid":{"rendered":"https:\/\/talenti.si\/la-visita-alla-fiera-internazionale-dei-giocattoli-di-norimberga\/"},"modified":"2023-06-06T09:59:16","modified_gmt":"2023-06-06T09:59:16","slug":"la-visita-alla-fiera-internazionale-dei-giocattoli-di-norimberga","status":"publish","type":"post","link":"https:\/\/talenti.si\/it\/la-visita-alla-fiera-internazionale-dei-giocattoli-di-norimberga\/","title":{"rendered":"La visita alla fiera internazionale dei giocattoli di Norimberga."},"content":{"rendered":"\n<p>Ogni anno, a Norimberga, si uniscono i fili dei commercianti internazionali di giocattoli e il team dei &#8220;talenti&#8221; naturalmente si \u00e8 unito a questa occasione!\u263a\ufe0f <strong>Spielwarenmesse<\/strong> \u00e8 una fiera leader in cui si presentano marchi famosi, ma \u00e8 anche un&#8217;ottima opportunit\u00e0 per stringere contatti commerciali, emergono nuove tendenze per l&#8217;anno in corso e si scambiano informazioni importanti nel mondo dei giocattoli.<\/p>\n\n<p>Il nostro viaggio verso la Germania \u00e8 stato piuttosto lungo e coperto di neve, ma ne \u00e8 valsa la pena, poich\u00e9 attendevamo con impazienza questa fiera. Nonostante la fiera si sia svolta <strong>ogni anno dal 1949<\/strong>, \u00e8 stata annullata negli ultimi due anni a causa della pandemia. Probabilmente per questo eravamo ancora pi\u00f9 felici dell&#8217;invito di quest&#8217;anno! Facciamo un giro attraverso la fiera per vedere cosa c&#8217;\u00e8 da scoprire&#8230;<\/p>\n<div class=\"wp-block-image\">\n<figure class=\"alignleft size-large is-resized\"><img loading=\"lazy\" decoding=\"async\" src=\"https:\/\/talenti.si\/wp-content\/uploads\/2023\/02\/image1-1024x768.jpeg\" alt=\"Sentosphere\" class=\"wp-image-11670\" width=\"338\" height=\"253\" srcset=\"https:\/\/talenti.si\/wp-content\/uploads\/2023\/02\/image1-1024x768.jpeg 1024w, https:\/\/talenti.si\/wp-content\/uploads\/2023\/02\/image1-300x225.jpeg 300w, https:\/\/talenti.si\/wp-content\/uploads\/2023\/02\/image1-768x576.jpeg 768w, https:\/\/talenti.si\/wp-content\/uploads\/2023\/02\/image1-1536x1152.jpeg 1536w, https:\/\/talenti.si\/wp-content\/uploads\/2023\/02\/image1-920x690.jpeg 920w, https:\/\/talenti.si\/wp-content\/uploads\/2023\/02\/image1.jpeg 1600w\" sizes=\"auto, (max-width: 338px) 100vw, 338px\" \/><\/figure><\/div>\n<p><a href=\"https:\/\/talenti.si\/razno\/ustvarjalni-seti-sentosphere\/\" target=\"_blank\" rel=\"noreferrer noopener\">Sentosphere<\/a> si pu\u00f2 vantare delle nuove edizioni dei set creativi, realizzati e testati in Francia, che ora includono ingredienti vegani.<br\/>Una novit\u00e0 sono anche i puzzle da 1000 pezzi realizzati con cartone rigido riciclato, disponibili in diverse tematiche con fotografie di paesaggi francesi o europei (le Dolomiti ci hanno conquistato completamente \ud83e\udd2d) e opere di rinomati pittori come il celebre &#8220;<strong>Campo di grano con cipressi<\/strong>&#8221; del 1889, realizzato dal fenomenale Vincent van Gogh. \ud83d\udd8c\ufe0f<\/p>\n\n<p><\/p>\n\n<p><\/p>\n\n<div class=\"wp-block-columns is-layout-flex wp-container-core-columns-is-layout-9d6595d7 wp-block-columns-is-layout-flex\">\n<div class=\"wp-block-column is-layout-flow wp-block-column-is-layout-flow\" style=\"flex-basis:100%\">\n<figure class=\"wp-block-gallery has-nested-images columns-default is-cropped wp-block-gallery-1 is-layout-flex wp-block-gallery-is-layout-flex\">\n<figure class=\"wp-block-image size-large\"><img loading=\"lazy\" decoding=\"async\" width=\"1024\" height=\"768\" data-id=\"11702\" src=\"https:\/\/talenti.si\/wp-content\/uploads\/2023\/02\/image2-1024x768.jpeg\" alt=\"Comansi\" class=\"wp-image-11702\" srcset=\"https:\/\/talenti.si\/wp-content\/uploads\/2023\/02\/image2-1024x768.jpeg 1024w, https:\/\/talenti.si\/wp-content\/uploads\/2023\/02\/image2-300x225.jpeg 300w, https:\/\/talenti.si\/wp-content\/uploads\/2023\/02\/image2-768x576.jpeg 768w, https:\/\/talenti.si\/wp-content\/uploads\/2023\/02\/image2-1536x1152.jpeg 1536w, https:\/\/talenti.si\/wp-content\/uploads\/2023\/02\/image2-920x690.jpeg 920w, https:\/\/talenti.si\/wp-content\/uploads\/2023\/02\/image2.jpeg 1600w\" sizes=\"auto, (max-width: 1024px) 100vw, 1024px\" \/><figcaption><strong>La spagnola <a href=\"https:\/\/talenti.si\/it\/proizvajalec\/comansi-it\/\" target=\"_blank\" rel=\"noreferrer noopener\">Comansi<\/a> ha presentato una novit\u00e0: una freccette sicure con punte in silicone.<\/strong><\/figcaption><\/figure>\n\n\n\n<figure class=\"wp-block-image size-large is-style-default\"><img loading=\"lazy\" decoding=\"async\" width=\"1600\" height=\"660\" data-id=\"11694\" src=\"https:\/\/talenti.si\/wp-content\/uploads\/2023\/02\/n-edited.jpeg\" alt=\"Figure decorative o giocattolo.\" class=\"wp-image-11694\" srcset=\"https:\/\/talenti.si\/wp-content\/uploads\/2023\/02\/n-edited.jpeg 1600w, https:\/\/talenti.si\/wp-content\/uploads\/2023\/02\/n-edited-300x124.jpeg 300w, https:\/\/talenti.si\/wp-content\/uploads\/2023\/02\/n-edited-1024x422.jpeg 1024w, https:\/\/talenti.si\/wp-content\/uploads\/2023\/02\/n-edited-768x317.jpeg 768w, https:\/\/talenti.si\/wp-content\/uploads\/2023\/02\/n-edited-1536x634.jpeg 1536w, https:\/\/talenti.si\/wp-content\/uploads\/2023\/02\/n-edited-920x380.jpeg 920w\" sizes=\"auto, (max-width: 1600px) 100vw, 1600px\" \/><figcaption><strong>La loro collezione di miniature \u00e8 stata arricchita con nuovi personaggi tratti dall&#8217;anime Naruto.<\/strong><\/figcaption><\/figure>\n<\/figure>\n<\/div>\n<\/div>\n<div class=\"wp-block-image\">\n<figure class=\"aligncenter size-large is-resized\"><img loading=\"lazy\" decoding=\"async\" src=\"https:\/\/talenti.si\/wp-content\/uploads\/2023\/02\/image004-1024x456.png\" alt=\"Zaini di velluto Les Deglingos, zaini scolastici e borse da viaggio.\" class=\"wp-image-11696\" width=\"712\" height=\"317\" srcset=\"https:\/\/talenti.si\/wp-content\/uploads\/2023\/02\/image004-1024x456.png 1024w, https:\/\/talenti.si\/wp-content\/uploads\/2023\/02\/image004-300x134.png 300w, https:\/\/talenti.si\/wp-content\/uploads\/2023\/02\/image004-768x342.png 768w, https:\/\/talenti.si\/wp-content\/uploads\/2023\/02\/image004-920x410.png 920w, https:\/\/talenti.si\/wp-content\/uploads\/2023\/02\/image004.png 1362w\" sizes=\"auto, (max-width: 712px) 100vw, 712px\" \/><\/figure><\/div>\n<p>Di fronte a una vista del genere, siamo rimasti senza parole! \ud83d\ude0d <a href=\"https:\/\/talenti.si\/it\/proizvajalec\/les-deglingos-it\/\" target=\"_blank\" rel=\"noreferrer noopener\">Les D\u00e9glingos<\/a> non delude mai con la sua vivacit\u00e0. Ci hanno presentato una nuova piccola creatura, lo Zebro Kiprokos, che si pavoneggiava nel suo splendore viola e non vediamo l&#8217;ora di portarla da noi.<br\/>Inoltre, hanno aggiunto alla loro linea di prodotti dei divertenti puzzle con 48 o 300 pezzi, realizzati in Francia, con le immagini di tutti i loro buffi animali.<\/p>\n<div class=\"wp-block-image\">\n<figure class=\"aligncenter size-large is-resized\"><img decoding=\"async\" src=\"https:\/\/talenti.si\/wp-content\/uploads\/2023\/02\/image1-1-3-edited.jpeg\" alt=\"Fridolin\" class=\"wp-image-11718\" width=\"470\" srcset=\"https:\/\/talenti.si\/wp-content\/uploads\/2023\/02\/image1-1-3-edited.jpeg 800w, https:\/\/talenti.si\/wp-content\/uploads\/2023\/02\/image1-1-3-edited-225x300.jpeg 225w, https:\/\/talenti.si\/wp-content\/uploads\/2023\/02\/image1-1-3-edited-768x1023.jpeg 768w\" sizes=\"(max-width: 800px) 100vw, 800px\" \/><\/figure><\/div>\n<p>Continuiamo con il marchio tedesco <a href=\"https:\/\/talenti.si\/it\/proizvajalec\/fridolin-it\/\" target=\"_blank\" rel=\"noreferrer noopener\">Fridolin<\/a>, rinomato per i suoi eccellenti giochi di logica in legno o metallo di alta qualit\u00e0. ChatGPT Ora offrono una vasta gamma di nuovi giochi di carta, come l&#8217;origami, modelli tridimensionali di animali e flextangle con dipinti di famosi artisti, che si trovano anche nelle nuove scatole musicali, frecce per bambini, scatole di conservazione, sottobicchieri, segnalibri e altro ancora. Quindi, presto potrete aspettarvi molte novit\u00e0 nel nostro negozio online. \ud83d\ude42<\/p>\n\n<figure class=\"wp-block-gallery has-nested-images columns-default is-cropped wp-block-gallery-2 is-layout-flex wp-block-gallery-is-layout-flex\">\n<figure class=\"wp-block-image size-large\"><img loading=\"lazy\" decoding=\"async\" width=\"889\" height=\"918\" data-id=\"11684\" src=\"https:\/\/talenti.si\/wp-content\/uploads\/2023\/02\/image0-1.jpeg\" alt=\"V-Cube\" class=\"wp-image-11684\" srcset=\"https:\/\/talenti.si\/wp-content\/uploads\/2023\/02\/image0-1.jpeg 889w, https:\/\/talenti.si\/wp-content\/uploads\/2023\/02\/image0-1-291x300.jpeg 291w, https:\/\/talenti.si\/wp-content\/uploads\/2023\/02\/image0-1-768x793.jpeg 768w\" sizes=\"auto, (max-width: 889px) 100vw, 889px\" \/><figcaption><strong><a href=\"https:\/\/talenti.si\/it\/varie\/cubi-v-cubes\/\" target=\"_blank\" rel=\"noreferrer noopener\">V-Cube<\/a> si \u00e8 deciso ad aggiungere una forma unica e arrotondata al cubo 5x5x5.<\/strong><\/figcaption><\/figure>\n\n\n\n<figure class=\"wp-block-image size-large\"><img loading=\"lazy\" decoding=\"async\" width=\"1600\" height=\"1200\" data-id=\"11703\" src=\"https:\/\/talenti.si\/wp-content\/uploads\/2023\/02\/image3-1-1.jpeg\" alt=\"Eitech\" class=\"wp-image-11703\" srcset=\"https:\/\/talenti.si\/wp-content\/uploads\/2023\/02\/image3-1-1.jpeg 1600w, https:\/\/talenti.si\/wp-content\/uploads\/2023\/02\/image3-1-1-300x225.jpeg 300w, https:\/\/talenti.si\/wp-content\/uploads\/2023\/02\/image3-1-1-1024x768.jpeg 1024w, https:\/\/talenti.si\/wp-content\/uploads\/2023\/02\/image3-1-1-768x576.jpeg 768w, https:\/\/talenti.si\/wp-content\/uploads\/2023\/02\/image3-1-1-1536x1152.jpeg 1536w, https:\/\/talenti.si\/wp-content\/uploads\/2023\/02\/image3-1-1-920x690.jpeg 920w\" sizes=\"auto, (max-width: 1600px) 100vw, 1600px\" \/><figcaption><strong>Anche le nuove costruzioni metalliche <a href=\"https:\/\/talenti.si\/it\/giocattoli\/costruzioni-metalliche-eitech\/\" target=\"_blank\" rel=\"noreferrer noopener\">Eitech<\/a> ci hanno entusiasmato.<\/strong><\/figcaption><\/figure>\n<\/figure>\n\n<p>Infine, c&#8217;\u00e8 anche <a href=\"https:\/\/talenti.si\/it\/proizvajalec\/janod-it\/\" target=\"_blank\" rel=\"noreferrer noopener\">Janod,<\/a> l&#8217;azienda francese, che ci ha presentato diversi nuovi giochi da tavolo, puzzle di varie tematiche, meravigliosi set in legno per preparare t\u00e8 o autentici caff\u00e8 espresso italiani, uno stand in legno con dolcetti, una lavagna cancellabile, una casa delle bambole e molti altri articoli meravigliosi.<\/p>\n\n<figure class=\"wp-block-gallery has-nested-images columns-default is-cropped wp-block-gallery-3 is-layout-flex wp-block-gallery-is-layout-flex\">\n<figure class=\"wp-block-image size-large\"><img loading=\"lazy\" decoding=\"async\" width=\"500\" height=\"500\" data-id=\"11722\" src=\"https:\/\/talenti.si\/wp-content\/uploads\/2023\/02\/pastry-stand.webp\" alt=\"Janod\" class=\"wp-image-11722\" srcset=\"https:\/\/talenti.si\/wp-content\/uploads\/2023\/02\/pastry-stand.webp 500w, https:\/\/talenti.si\/wp-content\/uploads\/2023\/02\/pastry-stand-300x300.webp 300w, https:\/\/talenti.si\/wp-content\/uploads\/2023\/02\/pastry-stand-150x150.webp 150w, https:\/\/talenti.si\/wp-content\/uploads\/2023\/02\/pastry-stand-100x100.webp 100w\" sizes=\"auto, (max-width: 500px) 100vw, 500px\" \/><\/figure>\n\n\n\n<figure class=\"wp-block-image size-large\"><img loading=\"lazy\" decoding=\"async\" width=\"1000\" height=\"1000\" data-id=\"11720\" src=\"https:\/\/talenti.si\/wp-content\/uploads\/2023\/02\/italian-style-coffee.webp\" alt=\"Janod\" class=\"wp-image-11720\" srcset=\"https:\/\/talenti.si\/wp-content\/uploads\/2023\/02\/italian-style-coffee.webp 1000w, https:\/\/talenti.si\/wp-content\/uploads\/2023\/02\/italian-style-coffee-300x300.webp 300w, https:\/\/talenti.si\/wp-content\/uploads\/2023\/02\/italian-style-coffee-150x150.webp 150w, https:\/\/talenti.si\/wp-content\/uploads\/2023\/02\/italian-style-coffee-768x768.webp 768w, https:\/\/talenti.si\/wp-content\/uploads\/2023\/02\/italian-style-coffee-920x920.webp 920w, https:\/\/talenti.si\/wp-content\/uploads\/2023\/02\/italian-style-coffee-100x100.webp 100w\" sizes=\"auto, (max-width: 1000px) 100vw, 1000px\" \/><\/figure>\n\n\n\n<figure class=\"wp-block-image size-large\"><img loading=\"lazy\" decoding=\"async\" width=\"500\" height=\"500\" data-id=\"11721\" src=\"https:\/\/talenti.si\/wp-content\/uploads\/2023\/02\/portable-blackboard.webp\" alt=\"Janod\" class=\"wp-image-11721\" srcset=\"https:\/\/talenti.si\/wp-content\/uploads\/2023\/02\/portable-blackboard.webp 500w, https:\/\/talenti.si\/wp-content\/uploads\/2023\/02\/portable-blackboard-300x300.webp 300w, https:\/\/talenti.si\/wp-content\/uploads\/2023\/02\/portable-blackboard-150x150.webp 150w, https:\/\/talenti.si\/wp-content\/uploads\/2023\/02\/portable-blackboard-100x100.webp 100w\" sizes=\"auto, (max-width: 500px) 100vw, 500px\" \/><\/figure>\n<\/figure>\n<div class=\"wp-block-image\">\n<figure class=\"aligncenter size-full is-resized\"><img loading=\"lazy\" decoding=\"async\" src=\"https:\/\/talenti.si\/wp-content\/uploads\/2023\/02\/image2-1-2.jpeg\" alt=\"Janod\" class=\"wp-image-11728\" width=\"408\" height=\"544\" srcset=\"https:\/\/talenti.si\/wp-content\/uploads\/2023\/02\/image2-1-2.jpeg 720w, https:\/\/talenti.si\/wp-content\/uploads\/2023\/02\/image2-1-2-225x300.jpeg 225w\" sizes=\"auto, (max-width: 408px) 100vw, 408px\" \/><\/figure><\/div>\n<p>Infine, abbiamo immortalato il ricordo della nostra visita alla fiera con uno splendido sfondo con il logo di Janod. \ud83e\udd73 Allo stesso tempo, avete finalmente l&#8217;opportunit\u00e0 di conoscere il nostro fondatore &#8220;Talentov&#8221;, Dragan, che dal 2005 si occupa della distribuzione di giocattoli in Slovenia, arricchendo il negozio online con giocattoli educativi e di qualit\u00e0, nonch\u00e9 con accessori di giocoleria e attrezzature sportive di grande attrattiva.<\/p>\n\n<blockquote class=\"wp-block-quote is-layout-flow wp-block-quote-is-layout-flow\"><p><strong><em>&#8220;Il successo significa passare da un fallimento all&#8217;altro senza perdere la determinazione.&#8221;<\/em><\/strong><\/p><cite><em>Winston Churchill<\/em><\/cite><\/blockquote>\n","protected":false},"excerpt":{"rendered":"<p>Ogni anno, a Norimberga, si uniscono i fili dei commercianti internazionali di giocattoli e il team dei &#8220;talenti&#8221; naturalmente si \u00e8 unito a questa occasione!\u263a\ufe0f Spielwarenmesse \u00e8 una fiera leader in cui si presentano marchi famosi, ma \u00e8 anche un&#8217;ottima opportunit\u00e0 per stringere contatti commerciali, emergono nuove tendenze per l&#8217;anno in corso e si scambiano [&hellip;]<\/p>\n","protected":false},"author":1,"featured_media":21535,"comment_status":"closed","ping_status":"closed","sticky":false,"template":"","format":"standard","meta":{"_acf_changed":false,"footnotes":""},"categories":[2126],"tags":[2142,2143,2141,2145,2144],"class_list":["post-23728","post","type-post","status-publish","format-standard","has-post-thumbnail","hentry","category-varie","tag-fiera-dei-giocattoli","tag-germania","tag-spielwarenmesse-it","tag-talenti-it","tag-viaggio"],"acf":[],"yoast_head":"<!-- This site is optimized with the Yoast SEO plugin v25.8 - https:\/\/yoast.com\/wordpress\/plugins\/seo\/ -->\n<title>La visita alla fiera internazionale dei giocattoli di Norimberga. - Talenti.si<\/title>\n<meta name=\"description\" content=\"A Norimberga ogni anno si riuniscono i fili dei mercati internazionali dei giocattoli. La Spielwarenmesse \u00e8 la fiera leader in cui vengono presentati i marchi famosi.\" \/>\n<meta name=\"robots\" content=\"index, follow, max-snippet:-1, max-image-preview:large, max-video-preview:-1\" \/>\n<link rel=\"canonical\" href=\"https:\/\/talenti.si\/it\/la-visita-alla-fiera-internazionale-dei-giocattoli-di-norimberga\/\" \/>\n<meta property=\"og:locale\" content=\"it_IT\" \/>\n<meta property=\"og:type\" content=\"article\" \/>\n<meta property=\"og:title\" content=\"La visita alla fiera internazionale dei giocattoli di Norimberga. - Talenti.si\" \/>\n<meta property=\"og:description\" content=\"A Norimberga ogni anno si riuniscono i fili dei mercati internazionali dei giocattoli. La Spielwarenmesse \u00e8 la fiera leader in cui vengono presentati i marchi famosi.\" \/>\n<meta property=\"og:url\" content=\"https:\/\/talenti.si\/it\/la-visita-alla-fiera-internazionale-dei-giocattoli-di-norimberga\/\" \/>\n<meta property=\"og:site_name\" content=\"Talenti.si\" \/>\n<meta property=\"article:published_time\" content=\"2023-02-06T10:39:28+00:00\" \/>\n<meta property=\"article:modified_time\" content=\"2023-06-06T09:59:16+00:00\" \/>\n<meta property=\"og:image\" content=\"https:\/\/talenti.si\/wp-content\/uploads\/2023\/02\/spielwarenmesse.jpg\" \/>\n\t<meta property=\"og:image:width\" content=\"1437\" \/>\n\t<meta property=\"og:image:height\" content=\"859\" \/>\n\t<meta property=\"og:image:type\" content=\"image\/jpeg\" \/>\n<meta name=\"author\" content=\"Talenti.si\" \/>\n<meta name=\"twitter:card\" content=\"summary_large_image\" \/>\n<meta name=\"twitter:label1\" content=\"Scritto da\" \/>\n\t<meta name=\"twitter:data1\" content=\"Talenti.si\" \/>\n\t<meta name=\"twitter:label2\" content=\"Tempo di lettura stimato\" \/>\n\t<meta name=\"twitter:data2\" content=\"3 minuti\" \/>\n<script type=\"application\/ld+json\" class=\"yoast-schema-graph\">{\"@context\":\"https:\/\/schema.org\",\"@graph\":[{\"@type\":\"Article\",\"@id\":\"https:\/\/talenti.si\/it\/la-visita-alla-fiera-internazionale-dei-giocattoli-di-norimberga\/#article\",\"isPartOf\":{\"@id\":\"https:\/\/talenti.si\/it\/la-visita-alla-fiera-internazionale-dei-giocattoli-di-norimberga\/\"},\"author\":{\"name\":\"Talenti.si\",\"@id\":\"https:\/\/talenti.si\/it\/#\/schema\/person\/1295be6e53ed5f14e1b81cab4836307e\"},\"headline\":\"La visita alla fiera internazionale dei giocattoli di Norimberga.\",\"datePublished\":\"2023-02-06T10:39:28+00:00\",\"dateModified\":\"2023-06-06T09:59:16+00:00\",\"mainEntityOfPage\":{\"@id\":\"https:\/\/talenti.si\/it\/la-visita-alla-fiera-internazionale-dei-giocattoli-di-norimberga\/\"},\"wordCount\":534,\"publisher\":{\"@id\":\"https:\/\/talenti.si\/it\/#organization\"},\"image\":{\"@id\":\"https:\/\/talenti.si\/it\/la-visita-alla-fiera-internazionale-dei-giocattoli-di-norimberga\/#primaryimage\"},\"thumbnailUrl\":\"https:\/\/talenti.si\/wp-content\/uploads\/2023\/02\/spielwarenmesse.jpg\",\"keywords\":[\"Fiera dei giocattoli\",\"Germania\",\"Spielwarenmesse\",\"Talenti\",\"Viaggio\"],\"articleSection\":[\"Varie\"],\"inLanguage\":\"it-IT\"},{\"@type\":\"WebPage\",\"@id\":\"https:\/\/talenti.si\/it\/la-visita-alla-fiera-internazionale-dei-giocattoli-di-norimberga\/\",\"url\":\"https:\/\/talenti.si\/it\/la-visita-alla-fiera-internazionale-dei-giocattoli-di-norimberga\/\",\"name\":\"La visita alla fiera internazionale dei giocattoli di Norimberga. - Talenti.si\",\"isPartOf\":{\"@id\":\"https:\/\/talenti.si\/it\/#website\"},\"primaryImageOfPage\":{\"@id\":\"https:\/\/talenti.si\/it\/la-visita-alla-fiera-internazionale-dei-giocattoli-di-norimberga\/#primaryimage\"},\"image\":{\"@id\":\"https:\/\/talenti.si\/it\/la-visita-alla-fiera-internazionale-dei-giocattoli-di-norimberga\/#primaryimage\"},\"thumbnailUrl\":\"https:\/\/talenti.si\/wp-content\/uploads\/2023\/02\/spielwarenmesse.jpg\",\"datePublished\":\"2023-02-06T10:39:28+00:00\",\"dateModified\":\"2023-06-06T09:59:16+00:00\",\"description\":\"A Norimberga ogni anno si riuniscono i fili dei mercati internazionali dei giocattoli. La Spielwarenmesse \u00e8 la fiera leader in cui vengono presentati i marchi famosi.\",\"breadcrumb\":{\"@id\":\"https:\/\/talenti.si\/it\/la-visita-alla-fiera-internazionale-dei-giocattoli-di-norimberga\/#breadcrumb\"},\"inLanguage\":\"it-IT\",\"potentialAction\":[{\"@type\":\"ReadAction\",\"target\":[\"https:\/\/talenti.si\/it\/la-visita-alla-fiera-internazionale-dei-giocattoli-di-norimberga\/\"]}]},{\"@type\":\"ImageObject\",\"inLanguage\":\"it-IT\",\"@id\":\"https:\/\/talenti.si\/it\/la-visita-alla-fiera-internazionale-dei-giocattoli-di-norimberga\/#primaryimage\",\"url\":\"https:\/\/talenti.si\/wp-content\/uploads\/2023\/02\/spielwarenmesse.jpg\",\"contentUrl\":\"https:\/\/talenti.si\/wp-content\/uploads\/2023\/02\/spielwarenmesse.jpg\",\"width\":1437,\"height\":859},{\"@type\":\"BreadcrumbList\",\"@id\":\"https:\/\/talenti.si\/it\/la-visita-alla-fiera-internazionale-dei-giocattoli-di-norimberga\/#breadcrumb\",\"itemListElement\":[{\"@type\":\"ListItem\",\"position\":1,\"name\":\"Home\",\"item\":\"https:\/\/talenti.si\/it\/\"},{\"@type\":\"ListItem\",\"position\":2,\"name\":\"La visita alla fiera internazionale dei giocattoli di Norimberga.\"}]},{\"@type\":\"WebSite\",\"@id\":\"https:\/\/talenti.si\/it\/#website\",\"url\":\"https:\/\/talenti.si\/it\/\",\"name\":\"Talenti.si\",\"description\":\"Spletna trgovina za vse \u017eonglerje in podobne talente. Vse za \u017eongliranje, yoyo, frizbi, bumerang, kite... in \u0161e in \u0161e.\",\"publisher\":{\"@id\":\"https:\/\/talenti.si\/it\/#organization\"},\"potentialAction\":[{\"@type\":\"SearchAction\",\"target\":{\"@type\":\"EntryPoint\",\"urlTemplate\":\"https:\/\/talenti.si\/it\/?s={search_term_string}\"},\"query-input\":{\"@type\":\"PropertyValueSpecification\",\"valueRequired\":true,\"valueName\":\"search_term_string\"}}],\"inLanguage\":\"it-IT\"},{\"@type\":\"Organization\",\"@id\":\"https:\/\/talenti.si\/it\/#organization\",\"name\":\"Talenti.si\",\"url\":\"https:\/\/talenti.si\/it\/\",\"logo\":{\"@type\":\"ImageObject\",\"inLanguage\":\"it-IT\",\"@id\":\"https:\/\/talenti.si\/it\/#\/schema\/logo\/image\/\",\"url\":\"https:\/\/talenti.si\/wp-content\/uploads\/2021\/12\/logo-talent-pravi-dark.png\",\"contentUrl\":\"https:\/\/talenti.si\/wp-content\/uploads\/2021\/12\/logo-talent-pravi-dark.png\",\"width\":145,\"height\":83,\"caption\":\"Talenti.si\"},\"image\":{\"@id\":\"https:\/\/talenti.si\/it\/#\/schema\/logo\/image\/\"}},{\"@type\":\"Person\",\"@id\":\"https:\/\/talenti.si\/it\/#\/schema\/person\/1295be6e53ed5f14e1b81cab4836307e\",\"name\":\"Talenti.si\",\"image\":{\"@type\":\"ImageObject\",\"inLanguage\":\"it-IT\",\"@id\":\"https:\/\/talenti.si\/it\/#\/schema\/person\/image\/\",\"url\":\"https:\/\/secure.gravatar.com\/avatar\/5757c39ae549496d475a8edee8869a1c16dd0b8e98c323353c274eb436d74f3f?s=96&d=mm&r=g\",\"contentUrl\":\"https:\/\/secure.gravatar.com\/avatar\/5757c39ae549496d475a8edee8869a1c16dd0b8e98c323353c274eb436d74f3f?s=96&d=mm&r=g\",\"caption\":\"Talenti.si\"},\"sameAs\":[\"https:\/\/talenti.agit.si\"],\"url\":\"https:\/\/talenti.si\/it\/author\/taleadm\/\"}]}<\/script>\n<!-- \/ Yoast SEO plugin. -->","yoast_head_json":{"title":"La visita alla fiera internazionale dei giocattoli di Norimberga. - Talenti.si","description":"A Norimberga ogni anno si riuniscono i fili dei mercati internazionali dei giocattoli. La Spielwarenmesse \u00e8 la fiera leader in cui vengono presentati i marchi famosi.","robots":{"index":"index","follow":"follow","max-snippet":"max-snippet:-1","max-image-preview":"max-image-preview:large","max-video-preview":"max-video-preview:-1"},"canonical":"https:\/\/talenti.si\/it\/la-visita-alla-fiera-internazionale-dei-giocattoli-di-norimberga\/","og_locale":"it_IT","og_type":"article","og_title":"La visita alla fiera internazionale dei giocattoli di Norimberga. - Talenti.si","og_description":"A Norimberga ogni anno si riuniscono i fili dei mercati internazionali dei giocattoli. La Spielwarenmesse \u00e8 la fiera leader in cui vengono presentati i marchi famosi.","og_url":"https:\/\/talenti.si\/it\/la-visita-alla-fiera-internazionale-dei-giocattoli-di-norimberga\/","og_site_name":"Talenti.si","article_published_time":"2023-02-06T10:39:28+00:00","article_modified_time":"2023-06-06T09:59:16+00:00","og_image":[{"width":1437,"height":859,"url":"https:\/\/talenti.si\/wp-content\/uploads\/2023\/02\/spielwarenmesse.jpg","type":"image\/jpeg"}],"author":"Talenti.si","twitter_card":"summary_large_image","twitter_misc":{"Scritto da":"Talenti.si","Tempo di lettura stimato":"3 minuti"},"schema":{"@context":"https:\/\/schema.org","@graph":[{"@type":"Article","@id":"https:\/\/talenti.si\/it\/la-visita-alla-fiera-internazionale-dei-giocattoli-di-norimberga\/#article","isPartOf":{"@id":"https:\/\/talenti.si\/it\/la-visita-alla-fiera-internazionale-dei-giocattoli-di-norimberga\/"},"author":{"name":"Talenti.si","@id":"https:\/\/talenti.si\/it\/#\/schema\/person\/1295be6e53ed5f14e1b81cab4836307e"},"headline":"La visita alla fiera internazionale dei giocattoli di Norimberga.","datePublished":"2023-02-06T10:39:28+00:00","dateModified":"2023-06-06T09:59:16+00:00","mainEntityOfPage":{"@id":"https:\/\/talenti.si\/it\/la-visita-alla-fiera-internazionale-dei-giocattoli-di-norimberga\/"},"wordCount":534,"publisher":{"@id":"https:\/\/talenti.si\/it\/#organization"},"image":{"@id":"https:\/\/talenti.si\/it\/la-visita-alla-fiera-internazionale-dei-giocattoli-di-norimberga\/#primaryimage"},"thumbnailUrl":"https:\/\/talenti.si\/wp-content\/uploads\/2023\/02\/spielwarenmesse.jpg","keywords":["Fiera dei giocattoli","Germania","Spielwarenmesse","Talenti","Viaggio"],"articleSection":["Varie"],"inLanguage":"it-IT"},{"@type":"WebPage","@id":"https:\/\/talenti.si\/it\/la-visita-alla-fiera-internazionale-dei-giocattoli-di-norimberga\/","url":"https:\/\/talenti.si\/it\/la-visita-alla-fiera-internazionale-dei-giocattoli-di-norimberga\/","name":"La visita alla fiera internazionale dei giocattoli di Norimberga. - Talenti.si","isPartOf":{"@id":"https:\/\/talenti.si\/it\/#website"},"primaryImageOfPage":{"@id":"https:\/\/talenti.si\/it\/la-visita-alla-fiera-internazionale-dei-giocattoli-di-norimberga\/#primaryimage"},"image":{"@id":"https:\/\/talenti.si\/it\/la-visita-alla-fiera-internazionale-dei-giocattoli-di-norimberga\/#primaryimage"},"thumbnailUrl":"https:\/\/talenti.si\/wp-content\/uploads\/2023\/02\/spielwarenmesse.jpg","datePublished":"2023-02-06T10:39:28+00:00","dateModified":"2023-06-06T09:59:16+00:00","description":"A Norimberga ogni anno si riuniscono i fili dei mercati internazionali dei giocattoli. La Spielwarenmesse \u00e8 la fiera leader in cui vengono presentati i marchi famosi.","breadcrumb":{"@id":"https:\/\/talenti.si\/it\/la-visita-alla-fiera-internazionale-dei-giocattoli-di-norimberga\/#breadcrumb"},"inLanguage":"it-IT","potentialAction":[{"@type":"ReadAction","target":["https:\/\/talenti.si\/it\/la-visita-alla-fiera-internazionale-dei-giocattoli-di-norimberga\/"]}]},{"@type":"ImageObject","inLanguage":"it-IT","@id":"https:\/\/talenti.si\/it\/la-visita-alla-fiera-internazionale-dei-giocattoli-di-norimberga\/#primaryimage","url":"https:\/\/talenti.si\/wp-content\/uploads\/2023\/02\/spielwarenmesse.jpg","contentUrl":"https:\/\/talenti.si\/wp-content\/uploads\/2023\/02\/spielwarenmesse.jpg","width":1437,"height":859},{"@type":"BreadcrumbList","@id":"https:\/\/talenti.si\/it\/la-visita-alla-fiera-internazionale-dei-giocattoli-di-norimberga\/#breadcrumb","itemListElement":[{"@type":"ListItem","position":1,"name":"Home","item":"https:\/\/talenti.si\/it\/"},{"@type":"ListItem","position":2,"name":"La visita alla fiera internazionale dei giocattoli di Norimberga."}]},{"@type":"WebSite","@id":"https:\/\/talenti.si\/it\/#website","url":"https:\/\/talenti.si\/it\/","name":"Talenti.si","description":"Spletna trgovina za vse \u017eonglerje in podobne talente. Vse za \u017eongliranje, yoyo, frizbi, bumerang, kite... in \u0161e in \u0161e.","publisher":{"@id":"https:\/\/talenti.si\/it\/#organization"},"potentialAction":[{"@type":"SearchAction","target":{"@type":"EntryPoint","urlTemplate":"https:\/\/talenti.si\/it\/?s={search_term_string}"},"query-input":{"@type":"PropertyValueSpecification","valueRequired":true,"valueName":"search_term_string"}}],"inLanguage":"it-IT"},{"@type":"Organization","@id":"https:\/\/talenti.si\/it\/#organization","name":"Talenti.si","url":"https:\/\/talenti.si\/it\/","logo":{"@type":"ImageObject","inLanguage":"it-IT","@id":"https:\/\/talenti.si\/it\/#\/schema\/logo\/image\/","url":"https:\/\/talenti.si\/wp-content\/uploads\/2021\/12\/logo-talent-pravi-dark.png","contentUrl":"https:\/\/talenti.si\/wp-content\/uploads\/2021\/12\/logo-talent-pravi-dark.png","width":145,"height":83,"caption":"Talenti.si"},"image":{"@id":"https:\/\/talenti.si\/it\/#\/schema\/logo\/image\/"}},{"@type":"Person","@id":"https:\/\/talenti.si\/it\/#\/schema\/person\/1295be6e53ed5f14e1b81cab4836307e","name":"Talenti.si","image":{"@type":"ImageObject","inLanguage":"it-IT","@id":"https:\/\/talenti.si\/it\/#\/schema\/person\/image\/","url":"https:\/\/secure.gravatar.com\/avatar\/5757c39ae549496d475a8edee8869a1c16dd0b8e98c323353c274eb436d74f3f?s=96&d=mm&r=g","contentUrl":"https:\/\/secure.gravatar.com\/avatar\/5757c39ae549496d475a8edee8869a1c16dd0b8e98c323353c274eb436d74f3f?s=96&d=mm&r=g","caption":"Talenti.si"},"sameAs":["https:\/\/talenti.agit.si"],"url":"https:\/\/talenti.si\/it\/author\/taleadm\/"}]}},"_links":{"self":[{"href":"https:\/\/talenti.si\/it\/wp-json\/wp\/v2\/posts\/23728","targetHints":{"allow":["GET"]}}],"collection":[{"href":"https:\/\/talenti.si\/it\/wp-json\/wp\/v2\/posts"}],"about":[{"href":"https:\/\/talenti.si\/it\/wp-json\/wp\/v2\/types\/post"}],"author":[{"embeddable":true,"href":"https:\/\/talenti.si\/it\/wp-json\/wp\/v2\/users\/1"}],"replies":[{"embeddable":true,"href":"https:\/\/talenti.si\/it\/wp-json\/wp\/v2\/comments?post=23728"}],"version-history":[{"count":1,"href":"https:\/\/talenti.si\/it\/wp-json\/wp\/v2\/posts\/23728\/revisions"}],"predecessor-version":[{"id":23729,"href":"https:\/\/talenti.si\/it\/wp-json\/wp\/v2\/posts\/23728\/revisions\/23729"}],"wp:featuredmedia":[{"embeddable":true,"href":"https:\/\/talenti.si\/it\/wp-json\/wp\/v2\/media\/21535"}],"wp:attachment":[{"href":"https:\/\/talenti.si\/it\/wp-json\/wp\/v2\/media?parent=23728"}],"wp:term":[{"taxonomy":"category","embeddable":true,"href":"https:\/\/talenti.si\/it\/wp-json\/wp\/v2\/categories?post=23728"},{"taxonomy":"post_tag","embeddable":true,"href":"https:\/\/talenti.si\/it\/wp-json\/wp\/v2\/tags?post=23728"}],"curies":[{"name":"wp","href":"https:\/\/api.w.org\/{rel}","templated":true}]}}